{"id":2184,"date":"2024-06-11T17:35:15","date_gmt":"2024-06-11T15:35:15","guid":{"rendered":"https:\/\/rallyebaretous.fr\/?p=2184"},"modified":"2024-06-11T17:35:15","modified_gmt":"2024-06-11T15:35:15","slug":"classement-general-final","status":"publish","type":"post","link":"https:\/\/rallyebaretous.fr\/?p=2184","title":{"rendered":"Classement G\u00e9n\u00e9ral Final"},"content":{"rendered":"\n<p>Bonjour \u00e0 tous !<\/p>\n\n\n\n<p>Notre rallye du Bar\u00e9tous s\u2019est d\u00e9roul\u00e9 ce week end !<\/p>\n\n\n\n<p>Le climat a \u00e9t\u00e9 vari\u00e9 le samedi chaud et sec donc tr\u00e8s cassant et le dimanche extr\u00eamement pluvieux et tr\u00e8s glissant.<\/p>\n\n\n\n<p>Nous esp\u00e9rons qu\u2019un grand nombre gardera un bon souvenir malgr\u00e9 tout.<\/p>\n\n\n\n<p><strong>Cat\u00e9gorie SSV<\/strong><\/p>\n\n\n\n<p><img decoding=\"async\" height=\"16\" width=\"16\" alt=\"\ud83e\udd47\" src=\"https:\/\/static.xx.fbcdn.net\/images\/emoji.php\/v9\/t94\/1\/16\/1f947.png\"><a href=\"https:\/\/www.facebook.com\/guillaume.noirot.1?__cft__[0]=AZWUE0P0C2BgH9v69n4a2NsJ8mY5prT8Jc-41qdtJGVIjldbrKZ_1PFm7BRO0dUPEL_H682Xw9htS3AvGmKF6w_igTwJM-CBFdxatGRionIauBx0tqjdZNoZtiqugcnvLwXPdo9Jsra0gIlkIZ8BjdJQw4KZ5mon7WSIbyRjaDQZEwCmXIH4jbLSvl265-HcUM_p4bYYmeB-iHWgD207YDMy&amp;__tn__=-]K-R\">Guillaume Noirot<\/a> \/ Baptiste Vasseur<\/p>\n\n\n\n<p><img decoding=\"async\" height=\"16\" width=\"16\" alt=\"\ud83e\udd48\" src=\"https:\/\/static.xx.fbcdn.net\/images\/emoji.php\/v9\/t15\/1\/16\/1f948.png\"><a href=\"https:\/\/www.facebook.com\/adrien.aramburu?__cft__[0]=AZWUE0P0C2BgH9v69n4a2NsJ8mY5prT8Jc-41qdtJGVIjldbrKZ_1PFm7BRO0dUPEL_H682Xw9htS3AvGmKF6w_igTwJM-CBFdxatGRionIauBx0tqjdZNoZtiqugcnvLwXPdo9Jsra0gIlkIZ8BjdJQw4KZ5mon7WSIbyRjaDQZEwCmXIH4jbLSvl265-HcUM_p4bYYmeB-iHWgD207YDMy&amp;__tn__=-]K-R\">Adrien Aramburu<\/a> \/ <a href=\"https:\/\/www.facebook.com\/bastien.aramburu.3?__cft__[0]=AZWUE0P0C2BgH9v69n4a2NsJ8mY5prT8Jc-41qdtJGVIjldbrKZ_1PFm7BRO0dUPEL_H682Xw9htS3AvGmKF6w_igTwJM-CBFdxatGRionIauBx0tqjdZNoZtiqugcnvLwXPdo9Jsra0gIlkIZ8BjdJQw4KZ5mon7WSIbyRjaDQZEwCmXIH4jbLSvl265-HcUM_p4bYYmeB-iHWgD207YDMy&amp;__tn__=-]K-R\">Bastien Aramburu<\/a><\/p>\n\n\n\n<p><img decoding=\"async\" height=\"16\" width=\"16\" alt=\"\ud83e\udd49\" src=\"https:\/\/static.xx.fbcdn.net\/images\/emoji.php\/v9\/t96\/1\/16\/1f949.png\"><a href=\"https:\/\/www.facebook.com\/patxi.salaberry.7?__cft__[0]=AZWUE0P0C2BgH9v69n4a2NsJ8mY5prT8Jc-41qdtJGVIjldbrKZ_1PFm7BRO0dUPEL_H682Xw9htS3AvGmKF6w_igTwJM-CBFdxatGRionIauBx0tqjdZNoZtiqugcnvLwXPdo9Jsra0gIlkIZ8BjdJQw4KZ5mon7WSIbyRjaDQZEwCmXIH4jbLSvl265-HcUM_p4bYYmeB-iHWgD207YDMy&amp;__tn__=-]K-R\">Patxi Salaberry<\/a> \/ Daphn\u00e9 Larrandaburu<\/p>\n\n\n\n<p><strong>Cat\u00e9gorie 4&#215;4<\/strong><\/p>\n\n\n\n<p><img decoding=\"async\" height=\"16\" width=\"16\" alt=\"\ud83e\udd47\" src=\"https:\/\/static.xx.fbcdn.net\/images\/emoji.php\/v9\/t94\/1\/16\/1f947.png\">Bruno Bartolin \/ <a href=\"https:\/\/www.facebook.com\/xabi.ameztoy?__cft__[0]=AZWUE0P0C2BgH9v69n4a2NsJ8mY5prT8Jc-41qdtJGVIjldbrKZ_1PFm7BRO0dUPEL_H682Xw9htS3AvGmKF6w_igTwJM-CBFdxatGRionIauBx0tqjdZNoZtiqugcnvLwXPdo9Jsra0gIlkIZ8BjdJQw4KZ5mon7WSIbyRjaDQZEwCmXIH4jbLSvl265-HcUM_p4bYYmeB-iHWgD207YDMy&amp;__tn__=-]K-R\">Xabi Ameztoy<\/a><\/p>\n\n\n\n<p><img decoding=\"async\" height=\"16\" width=\"16\" alt=\"\ud83e\udd48\" src=\"https:\/\/static.xx.fbcdn.net\/images\/emoji.php\/v9\/t15\/1\/16\/1f948.png\"><a href=\"https:\/\/www.facebook.com\/denis.bossy.9?__cft__[0]=AZWUE0P0C2BgH9v69n4a2NsJ8mY5prT8Jc-41qdtJGVIjldbrKZ_1PFm7BRO0dUPEL_H682Xw9htS3AvGmKF6w_igTwJM-CBFdxatGRionIauBx0tqjdZNoZtiqugcnvLwXPdo9Jsra0gIlkIZ8BjdJQw4KZ5mon7WSIbyRjaDQZEwCmXIH4jbLSvl265-HcUM_p4bYYmeB-iHWgD207YDMy&amp;__tn__=-]K-R\">Denis Bossy<\/a> \/ <a href=\"https:\/\/www.facebook.com\/profile.php?id=100078224323008&amp;__cft__[0]=AZWUE0P0C2BgH9v69n4a2NsJ8mY5prT8Jc-41qdtJGVIjldbrKZ_1PFm7BRO0dUPEL_H682Xw9htS3AvGmKF6w_igTwJM-CBFdxatGRionIauBx0tqjdZNoZtiqugcnvLwXPdo9Jsra0gIlkIZ8BjdJQw4KZ5mon7WSIbyRjaDQZEwCmXIH4jbLSvl265-HcUM_p4bYYmeB-iHWgD207YDMy&amp;__tn__=-]K-R\">Lysa Capdeville<\/a><\/p>\n\n\n\n<p><img decoding=\"async\" height=\"16\" width=\"16\" alt=\"\ud83e\udd49\" src=\"https:\/\/static.xx.fbcdn.net\/images\/emoji.php\/v9\/t96\/1\/16\/1f949.png\"><a href=\"https:\/\/www.facebook.com\/Cazaubon-Beno%C3%AEt-422627064783040\/?__cft__[0]=AZWUE0P0C2BgH9v69n4a2NsJ8mY5prT8Jc-41qdtJGVIjldbrKZ_1PFm7BRO0dUPEL_H682Xw9htS3AvGmKF6w_igTwJM-CBFdxatGRionIauBx0tqjdZNoZtiqugcnvLwXPdo9Jsra0gIlkIZ8BjdJQw4KZ5mon7WSIbyRjaDQZEwCmXIH4jbLSvl265-HcUM_p4bYYmeB-iHWgD207YDMy&amp;__tn__=kK-R\">Cazaubon Beno\u00eet<\/a> \/ Denis Duboy<\/p>\n\n\n\n<p><strong>Cat\u00e9gorie 2 roues motrices<\/strong><\/p>\n\n\n\n<p><img decoding=\"async\" height=\"16\" width=\"16\" alt=\"\ud83e\udd47\" src=\"https:\/\/static.xx.fbcdn.net\/images\/emoji.php\/v9\/t94\/1\/16\/1f947.png\"><a href=\"https:\/\/www.facebook.com\/pierre.bozom.1?__cft__[0]=AZWUE0P0C2BgH9v69n4a2NsJ8mY5prT8Jc-41qdtJGVIjldbrKZ_1PFm7BRO0dUPEL_H682Xw9htS3AvGmKF6w_igTwJM-CBFdxatGRionIauBx0tqjdZNoZtiqugcnvLwXPdo9Jsra0gIlkIZ8BjdJQw4KZ5mon7WSIbyRjaDQZEwCmXIH4jbLSvl265-HcUM_p4bYYmeB-iHWgD207YDMy&amp;__tn__=-]K-R\">Pierre Bozom<\/a> \/ <a href=\"https:\/\/www.facebook.com\/pierre.laxague.7?__cft__[0]=AZWUE0P0C2BgH9v69n4a2NsJ8mY5prT8Jc-41qdtJGVIjldbrKZ_1PFm7BRO0dUPEL_H682Xw9htS3AvGmKF6w_igTwJM-CBFdxatGRionIauBx0tqjdZNoZtiqugcnvLwXPdo9Jsra0gIlkIZ8BjdJQw4KZ5mon7WSIbyRjaDQZEwCmXIH4jbLSvl265-HcUM_p4bYYmeB-iHWgD207YDMy&amp;__tn__=-]K-R\">Pierre Laxague<\/a><\/p>\n\n\n\n<p><img decoding=\"async\" height=\"16\" width=\"16\" alt=\"\ud83e\udd48\" src=\"https:\/\/static.xx.fbcdn.net\/images\/emoji.php\/v9\/t15\/1\/16\/1f948.png\"><a href=\"https:\/\/www.facebook.com\/eric.berrouet?__cft__[0]=AZWUE0P0C2BgH9v69n4a2NsJ8mY5prT8Jc-41qdtJGVIjldbrKZ_1PFm7BRO0dUPEL_H682Xw9htS3AvGmKF6w_igTwJM-CBFdxatGRionIauBx0tqjdZNoZtiqugcnvLwXPdo9Jsra0gIlkIZ8BjdJQw4KZ5mon7WSIbyRjaDQZEwCmXIH4jbLSvl265-HcUM_p4bYYmeB-iHWgD207YDMy&amp;__tn__=-]K-R\">Eric Berrouet<\/a> \/ <a href=\"https:\/\/www.facebook.com\/val.udb.94?__cft__[0]=AZWUE0P0C2BgH9v69n4a2NsJ8mY5prT8Jc-41qdtJGVIjldbrKZ_1PFm7BRO0dUPEL_H682Xw9htS3AvGmKF6w_igTwJM-CBFdxatGRionIauBx0tqjdZNoZtiqugcnvLwXPdo9Jsra0gIlkIZ8BjdJQw4KZ5mon7WSIbyRjaDQZEwCmXIH4jbLSvl265-HcUM_p4bYYmeB-iHWgD207YDMy&amp;__tn__=-]K-R\">Valerie Uhaldeborde<\/a><\/p>\n\n\n\n<p><img decoding=\"async\" height=\"16\" width=\"16\" alt=\"\ud83e\udd49\" src=\"https:\/\/static.xx.fbcdn.net\/images\/emoji.php\/v9\/t96\/1\/16\/1f949.png\"><a href=\"https:\/\/www.facebook.com\/vincent.tresarricq?__cft__[0]=AZWUE0P0C2BgH9v69n4a2NsJ8mY5prT8Jc-41qdtJGVIjldbrKZ_1PFm7BRO0dUPEL_H682Xw9htS3AvGmKF6w_igTwJM-CBFdxatGRionIauBx0tqjdZNoZtiqugcnvLwXPdo9Jsra0gIlkIZ8BjdJQw4KZ5mon7WSIbyRjaDQZEwCmXIH4jbLSvl265-HcUM_p4bYYmeB-iHWgD207YDMy&amp;__tn__=-]K-R\">Vincent Tr\u00e9sarricq<\/a> \/ <a href=\"https:\/\/www.facebook.com\/alexandre.tresarricq?__cft__[0]=AZWUE0P0C2BgH9v69n4a2NsJ8mY5prT8Jc-41qdtJGVIjldbrKZ_1PFm7BRO0dUPEL_H682Xw9htS3AvGmKF6w_igTwJM-CBFdxatGRionIauBx0tqjdZNoZtiqugcnvLwXPdo9Jsra0gIlkIZ8BjdJQw4KZ5mon7WSIbyRjaDQZEwCmXIH4jbLSvl265-HcUM_p4bYYmeB-iHWgD207YDMy&amp;__tn__=-]K-R\">Alexandre Tr\u00e9sarricq<\/a><\/p>\n\n\n\n<p><strong>Scratch \/ 4 roues motrices<\/strong><\/p>\n\n\n\n<p><img decoding=\"async\" height=\"16\" width=\"16\" alt=\"\ud83e\udd47\" src=\"https:\/\/static.xx.fbcdn.net\/images\/emoji.php\/v9\/t94\/1\/16\/1f947.png\"><a href=\"https:\/\/www.facebook.com\/profile.php?id=100015575269502&amp;__cft__[0]=AZWUE0P0C2BgH9v69n4a2NsJ8mY5prT8Jc-41qdtJGVIjldbrKZ_1PFm7BRO0dUPEL_H682Xw9htS3AvGmKF6w_igTwJM-CBFdxatGRionIauBx0tqjdZNoZtiqugcnvLwXPdo9Jsra0gIlkIZ8BjdJQw4KZ5mon7WSIbyRjaDQZEwCmXIH4jbLSvl265-HcUM_p4bYYmeB-iHWgD207YDMy&amp;__tn__=-]K-R\">Vincent Poincelet<\/a> \/ <a href=\"https:\/\/www.facebook.com\/renald.remy.376?__cft__[0]=AZWUE0P0C2BgH9v69n4a2NsJ8mY5prT8Jc-41qdtJGVIjldbrKZ_1PFm7BRO0dUPEL_H682Xw9htS3AvGmKF6w_igTwJM-CBFdxatGRionIauBx0tqjdZNoZtiqugcnvLwXPdo9Jsra0gIlkIZ8BjdJQw4KZ5mon7WSIbyRjaDQZEwCmXIH4jbLSvl265-HcUM_p4bYYmeB-iHWgD207YDMy&amp;__tn__=-]K-R\">Renald Remy<\/a><\/p>\n\n\n\n<p><img decoding=\"async\" height=\"16\" width=\"16\" alt=\"\ud83e\udd48\" src=\"https:\/\/static.xx.fbcdn.net\/images\/emoji.php\/v9\/t15\/1\/16\/1f948.png\"><a href=\"https:\/\/www.facebook.com\/corinne.casadebaig?__cft__[0]=AZWUE0P0C2BgH9v69n4a2NsJ8mY5prT8Jc-41qdtJGVIjldbrKZ_1PFm7BRO0dUPEL_H682Xw9htS3AvGmKF6w_igTwJM-CBFdxatGRionIauBx0tqjdZNoZtiqugcnvLwXPdo9Jsra0gIlkIZ8BjdJQw4KZ5mon7WSIbyRjaDQZEwCmXIH4jbLSvl265-HcUM_p4bYYmeB-iHWgD207YDMy&amp;__tn__=-]K-R\">St\u00e9phane Abadie<\/a>\/ Emma Abadie<\/p>\n\n\n\n<p><img decoding=\"async\" height=\"16\" width=\"16\" alt=\"\ud83e\udd49\" src=\"https:\/\/static.xx.fbcdn.net\/images\/emoji.php\/v9\/t96\/1\/16\/1f949.png\"><a href=\"https:\/\/www.facebook.com\/cyril.omnes.1?__cft__[0]=AZWUE0P0C2BgH9v69n4a2NsJ8mY5prT8Jc-41qdtJGVIjldbrKZ_1PFm7BRO0dUPEL_H682Xw9htS3AvGmKF6w_igTwJM-CBFdxatGRionIauBx0tqjdZNoZtiqugcnvLwXPdo9Jsra0gIlkIZ8BjdJQw4KZ5mon7WSIbyRjaDQZEwCmXIH4jbLSvl265-HcUM_p4bYYmeB-iHWgD207YDMy&amp;__tn__=-]K-R\">Cyril Omnes<\/a> \/ David Guillaume Fillon<\/p>\n\n\n\n<p>Un grand merci \u00e0 TOUS !!!<\/p>\n\n\n\n<p>Merci \u00e0 tous les participants !<\/p>\n\n\n\n<p>Merci \u00e0 tous les spectateurs !<\/p>\n\n\n\n<p>Merci \u00e0 tous les commissaires , les officiels et tous les membres de l\u2019asac Basco B\u00e9arnaise !<\/p>\n\n\n\n<p>Merci aux communes travers\u00e9es pour leur soutient , \u00e0 tous les propri\u00e9taires qui nous laissent passer et nous aident !<\/p>\n\n\n\n<p>Merci \u00e0 tous les sponsors petits ou gros vous \u00eates indispensables !<\/p>\n\n\n\n<p>Merci aux m\u00e9dias professionnels et amateurs vous nous procurez des souvenirs incroyables !<\/p>\n\n\n\n<p>Merci aux 4 co pr\u00e9sidents ainsi qu\u2019\u00e0 tous les gros bras de l\u2019\u00e9curie pr\u00e9sents sur les pistes depuis un moment d\u00e9j\u00e0 avec beaucoup de leur mat\u00e9riel personnel !<\/p>\n\n\n\n<p>Merci \u00e0 nos repr\u00e9sentantes f\u00e9minines toujours plus nombreuses et motiv\u00e9es !!!<\/p>\n\n\n\n<p>Merci \u00e0 la famille Cardassay qui pendant toute la pr\u00e9pa (et bien plus) nous accueille chez elle et veille sur tout le mat\u00e9riel en le gardant bien au chaud !<\/p>\n\n\n\n<p>MERCI ENCORE \u00c0 TOUT LE MONDE <img loading=\"lazy\" decoding=\"async\" height=\"16\" width=\"16\" src=\"https:\/\/static.xx.fbcdn.net\/images\/emoji.php\/v9\/t6c\/1\/16\/2764.png\" alt=\"\u2764\ufe0f\"><\/p>\n\n\n\n<div data-wp-interactive=\"core\/file\" class=\"wp-block-file\"><object data-wp-bind--hidden=\"!state.hasPdfPreview\" hidden class=\"wp-block-file__embed\" data=\"https:\/\/rallyebaretous.fr\/wp-content\/uploads\/2024\/06\/Classement-definitif-final-2024.pdf\" type=\"application\/pdf\" style=\"width:100%;height:600px\" aria-label=\"Contenu embarqu\u00e9 Classement definitif final 2024.\"><\/object><a id=\"wp-block-file--media-b75520b8-29dd-457b-bf97-b4691b20ab9d\" href=\"https:\/\/rallyebaretous.fr\/wp-content\/uploads\/2024\/06\/Classement-definitif-final-2024.pdf\">Classement definitif final 2024<\/a><a href=\"https:\/\/rallyebaretous.fr\/wp-content\/uploads\/2024\/06\/Classement-definitif-final-2024.pdf\" class=\"wp-block-file__button wp-element-button\" download aria-describedby=\"wp-block-file--media-b75520b8-29dd-457b-bf97-b4691b20ab9d\">T\u00e9l\u00e9charger<\/a><\/div>\n","protected":false},"excerpt":{"rendered":"<p>Bonjour \u00e0 tous ! Notre rallye du Bar\u00e9tous s\u2019est d\u00e9roul\u00e9 ce week end ! Le climat a \u00e9t\u00e9 vari\u00e9 le samedi chaud et sec donc tr\u00e8s cassant et le dimanche extr\u00eamement pluvieux et tr\u00e8s glissant. Nous esp\u00e9rons qu\u2019un grand nombre gardera un bon souvenir malgr\u00e9 tout. Cat\u00e9gorie SSV Guillaume Noirot \/ Baptiste Vasseur Adrien Aramburu [&hellip;]<\/p>\n","protected":false},"author":3,"featured_media":2185,"comment_status":"open","ping_status":"open","sticky":false,"template":"","format":"standard","meta":{"footnotes":""},"categories":[1],"tags":[],"class_list":["post-2184","post","type-post","status-publish","format-standard","has-post-thumbnail","hentry","category-non-classe"],"yoast_head":"<!-- This site is optimized with the Yoast SEO plugin v24.8.1 - https:\/\/yoast.com\/wordpress\/plugins\/seo\/ -->\n<title>Classement G\u00e9n\u00e9ral Final | Ecurie du Bar\u00e9tous<\/title>\n<meta name=\"robots\" content=\"index, follow, max-snippet:-1, max-image-preview:large, max-video-preview:-1\" \/>\n<link rel=\"canonical\" href=\"https:\/\/rallyebaretous.fr\/?p=2184\" \/>\n<meta property=\"og:locale\" content=\"fr_FR\" \/>\n<meta property=\"og:type\" content=\"article\" \/>\n<meta property=\"og:title\" content=\"Classement G\u00e9n\u00e9ral Final | Ecurie du Bar\u00e9tous\" \/>\n<meta property=\"og:description\" content=\"Bonjour \u00e0 tous ! Notre rallye du Bar\u00e9tous s\u2019est d\u00e9roul\u00e9 ce week end ! Le climat a \u00e9t\u00e9 vari\u00e9 le samedi chaud et sec donc tr\u00e8s cassant et le dimanche extr\u00eamement pluvieux et tr\u00e8s glissant. Nous esp\u00e9rons qu\u2019un grand nombre gardera un bon souvenir malgr\u00e9 tout. Cat\u00e9gorie SSV Guillaume Noirot \/ Baptiste Vasseur Adrien Aramburu [&hellip;]\" \/>\n<meta property=\"og:url\" content=\"https:\/\/rallyebaretous.fr\/?p=2184\" \/>\n<meta property=\"og:site_name\" content=\"Ecurie du Bar\u00e9tous\" \/>\n<meta property=\"article:published_time\" content=\"2024-06-11T15:35:15+00:00\" \/>\n<meta property=\"og:image\" content=\"https:\/\/rallyebaretous.fr\/wp-content\/uploads\/2024\/06\/classement-general-final.webp\" \/>\n\t<meta property=\"og:image:width\" content=\"1080\" \/>\n\t<meta property=\"og:image:height\" content=\"1080\" \/>\n\t<meta property=\"og:image:type\" content=\"image\/webp\" \/>\n<meta name=\"author\" content=\"Lionel Espelette\" \/>\n<meta name=\"twitter:card\" content=\"summary_large_image\" \/>\n<meta name=\"twitter:label1\" content=\"\u00c9crit par\" \/>\n\t<meta name=\"twitter:data1\" content=\"Lionel Espelette\" \/>\n\t<meta name=\"twitter:label2\" content=\"Dur\u00e9e de lecture estim\u00e9e\" \/>\n\t<meta name=\"twitter:data2\" content=\"5 minutes\" \/>\n<script type=\"application\/ld+json\" class=\"yoast-schema-graph\">{\"@context\":\"https:\/\/schema.org\",\"@graph\":[{\"@type\":\"Article\",\"@id\":\"https:\/\/rallyebaretous.fr\/?p=2184#article\",\"isPartOf\":{\"@id\":\"https:\/\/rallyebaretous.fr\/?p=2184\"},\"author\":{\"name\":\"Lionel Espelette\",\"@id\":\"https:\/\/rallyebaretous.fr\/#\/schema\/person\/0e587e5f4c143b5cc87138ff7fccd9bc\"},\"headline\":\"Classement G\u00e9n\u00e9ral Final\",\"datePublished\":\"2024-06-11T15:35:15+00:00\",\"mainEntityOfPage\":{\"@id\":\"https:\/\/rallyebaretous.fr\/?p=2184\"},\"wordCount\":276,\"commentCount\":0,\"publisher\":{\"@id\":\"https:\/\/rallyebaretous.fr\/#organization\"},\"image\":{\"@id\":\"https:\/\/rallyebaretous.fr\/?p=2184#primaryimage\"},\"thumbnailUrl\":\"https:\/\/rallyebaretous.fr\/wp-content\/uploads\/2024\/06\/classement-general-final.webp\",\"inLanguage\":\"fr-FR\",\"potentialAction\":[{\"@type\":\"CommentAction\",\"name\":\"Comment\",\"target\":[\"https:\/\/rallyebaretous.fr\/?p=2184#respond\"]}]},{\"@type\":\"WebPage\",\"@id\":\"https:\/\/rallyebaretous.fr\/?p=2184\",\"url\":\"https:\/\/rallyebaretous.fr\/?p=2184\",\"name\":\"Classement G\u00e9n\u00e9ral Final | Ecurie du Bar\u00e9tous\",\"isPartOf\":{\"@id\":\"https:\/\/rallyebaretous.fr\/#website\"},\"primaryImageOfPage\":{\"@id\":\"https:\/\/rallyebaretous.fr\/?p=2184#primaryimage\"},\"image\":{\"@id\":\"https:\/\/rallyebaretous.fr\/?p=2184#primaryimage\"},\"thumbnailUrl\":\"https:\/\/rallyebaretous.fr\/wp-content\/uploads\/2024\/06\/classement-general-final.webp\",\"datePublished\":\"2024-06-11T15:35:15+00:00\",\"breadcrumb\":{\"@id\":\"https:\/\/rallyebaretous.fr\/?p=2184#breadcrumb\"},\"inLanguage\":\"fr-FR\",\"potentialAction\":[{\"@type\":\"ReadAction\",\"target\":[\"https:\/\/rallyebaretous.fr\/?p=2184\"]}]},{\"@type\":\"ImageObject\",\"inLanguage\":\"fr-FR\",\"@id\":\"https:\/\/rallyebaretous.fr\/?p=2184#primaryimage\",\"url\":\"https:\/\/rallyebaretous.fr\/wp-content\/uploads\/2024\/06\/classement-general-final.webp\",\"contentUrl\":\"https:\/\/rallyebaretous.fr\/wp-content\/uploads\/2024\/06\/classement-general-final.webp\",\"width\":1080,\"height\":1080,\"caption\":\"classement general final\"},{\"@type\":\"BreadcrumbList\",\"@id\":\"https:\/\/rallyebaretous.fr\/?p=2184#breadcrumb\",\"itemListElement\":[{\"@type\":\"ListItem\",\"position\":1,\"name\":\"Accueil\",\"item\":\"https:\/\/rallyebaretous.fr\/\"},{\"@type\":\"ListItem\",\"position\":2,\"name\":\"Classement G\u00e9n\u00e9ral Final\"}]},{\"@type\":\"WebSite\",\"@id\":\"https:\/\/rallyebaretous.fr\/#website\",\"url\":\"https:\/\/rallyebaretous.fr\/\",\"name\":\"Rallye du Bar\u00e9tous\",\"description\":\"Championnat de France Tout-Terrain\",\"publisher\":{\"@id\":\"https:\/\/rallyebaretous.fr\/#organization\"},\"potentialAction\":[{\"@type\":\"SearchAction\",\"target\":{\"@type\":\"EntryPoint\",\"urlTemplate\":\"https:\/\/rallyebaretous.fr\/?s={search_term_string}\"},\"query-input\":{\"@type\":\"PropertyValueSpecification\",\"valueRequired\":true,\"valueName\":\"search_term_string\"}}],\"inLanguage\":\"fr-FR\"},{\"@type\":\"Organization\",\"@id\":\"https:\/\/rallyebaretous.fr\/#organization\",\"name\":\"Rallye du Bar\u00e9tous\",\"url\":\"https:\/\/rallyebaretous.fr\/\",\"logo\":{\"@type\":\"ImageObject\",\"inLanguage\":\"fr-FR\",\"@id\":\"https:\/\/rallyebaretous.fr\/#\/schema\/logo\/image\/\",\"url\":\"https:\/\/rallyebaretous.fr\/wp-content\/uploads\/2024\/04\/logo.webp\",\"contentUrl\":\"https:\/\/rallyebaretous.fr\/wp-content\/uploads\/2024\/04\/logo.webp\",\"width\":800,\"height\":267,\"caption\":\"Rallye du Bar\u00e9tous\"},\"image\":{\"@id\":\"https:\/\/rallyebaretous.fr\/#\/schema\/logo\/image\/\"}},{\"@type\":\"Person\",\"@id\":\"https:\/\/rallyebaretous.fr\/#\/schema\/person\/0e587e5f4c143b5cc87138ff7fccd9bc\",\"name\":\"Lionel Espelette\",\"image\":{\"@type\":\"ImageObject\",\"inLanguage\":\"fr-FR\",\"@id\":\"https:\/\/rallyebaretous.fr\/#\/schema\/person\/image\/\",\"url\":\"https:\/\/secure.gravatar.com\/avatar\/29e15fc697e35ba3ad346b99e46803c0bc2a083f853fde982c4fc53b2e80455b?s=96&d=mm&r=g\",\"contentUrl\":\"https:\/\/secure.gravatar.com\/avatar\/29e15fc697e35ba3ad346b99e46803c0bc2a083f853fde982c4fc53b2e80455b?s=96&d=mm&r=g\",\"caption\":\"Lionel Espelette\"},\"url\":\"https:\/\/rallyebaretous.fr\/?author=3\"}]}<\/script>\n<!-- \/ Yoast SEO plugin. -->","yoast_head_json":{"title":"Classement G\u00e9n\u00e9ral Final | Ecurie du Bar\u00e9tous","robots":{"index":"index","follow":"follow","max-snippet":"max-snippet:-1","max-image-preview":"max-image-preview:large","max-video-preview":"max-video-preview:-1"},"canonical":"https:\/\/rallyebaretous.fr\/?p=2184","og_locale":"fr_FR","og_type":"article","og_title":"Classement G\u00e9n\u00e9ral Final | Ecurie du Bar\u00e9tous","og_description":"Bonjour \u00e0 tous ! Notre rallye du Bar\u00e9tous s\u2019est d\u00e9roul\u00e9 ce week end ! Le climat a \u00e9t\u00e9 vari\u00e9 le samedi chaud et sec donc tr\u00e8s cassant et le dimanche extr\u00eamement pluvieux et tr\u00e8s glissant. Nous esp\u00e9rons qu\u2019un grand nombre gardera un bon souvenir malgr\u00e9 tout. Cat\u00e9gorie SSV Guillaume Noirot \/ Baptiste Vasseur Adrien Aramburu [&hellip;]","og_url":"https:\/\/rallyebaretous.fr\/?p=2184","og_site_name":"Ecurie du Bar\u00e9tous","article_published_time":"2024-06-11T15:35:15+00:00","og_image":[{"width":1080,"height":1080,"url":"https:\/\/rallyebaretous.fr\/wp-content\/uploads\/2024\/06\/classement-general-final.webp","type":"image\/webp"}],"author":"Lionel Espelette","twitter_card":"summary_large_image","twitter_misc":{"\u00c9crit par":"Lionel Espelette","Dur\u00e9e de lecture estim\u00e9e":"5 minutes"},"schema":{"@context":"https:\/\/schema.org","@graph":[{"@type":"Article","@id":"https:\/\/rallyebaretous.fr\/?p=2184#article","isPartOf":{"@id":"https:\/\/rallyebaretous.fr\/?p=2184"},"author":{"name":"Lionel Espelette","@id":"https:\/\/rallyebaretous.fr\/#\/schema\/person\/0e587e5f4c143b5cc87138ff7fccd9bc"},"headline":"Classement G\u00e9n\u00e9ral Final","datePublished":"2024-06-11T15:35:15+00:00","mainEntityOfPage":{"@id":"https:\/\/rallyebaretous.fr\/?p=2184"},"wordCount":276,"commentCount":0,"publisher":{"@id":"https:\/\/rallyebaretous.fr\/#organization"},"image":{"@id":"https:\/\/rallyebaretous.fr\/?p=2184#primaryimage"},"thumbnailUrl":"https:\/\/rallyebaretous.fr\/wp-content\/uploads\/2024\/06\/classement-general-final.webp","inLanguage":"fr-FR","potentialAction":[{"@type":"CommentAction","name":"Comment","target":["https:\/\/rallyebaretous.fr\/?p=2184#respond"]}]},{"@type":"WebPage","@id":"https:\/\/rallyebaretous.fr\/?p=2184","url":"https:\/\/rallyebaretous.fr\/?p=2184","name":"Classement G\u00e9n\u00e9ral Final | Ecurie du Bar\u00e9tous","isPartOf":{"@id":"https:\/\/rallyebaretous.fr\/#website"},"primaryImageOfPage":{"@id":"https:\/\/rallyebaretous.fr\/?p=2184#primaryimage"},"image":{"@id":"https:\/\/rallyebaretous.fr\/?p=2184#primaryimage"},"thumbnailUrl":"https:\/\/rallyebaretous.fr\/wp-content\/uploads\/2024\/06\/classement-general-final.webp","datePublished":"2024-06-11T15:35:15+00:00","breadcrumb":{"@id":"https:\/\/rallyebaretous.fr\/?p=2184#breadcrumb"},"inLanguage":"fr-FR","potentialAction":[{"@type":"ReadAction","target":["https:\/\/rallyebaretous.fr\/?p=2184"]}]},{"@type":"ImageObject","inLanguage":"fr-FR","@id":"https:\/\/rallyebaretous.fr\/?p=2184#primaryimage","url":"https:\/\/rallyebaretous.fr\/wp-content\/uploads\/2024\/06\/classement-general-final.webp","contentUrl":"https:\/\/rallyebaretous.fr\/wp-content\/uploads\/2024\/06\/classement-general-final.webp","width":1080,"height":1080,"caption":"classement general final"},{"@type":"BreadcrumbList","@id":"https:\/\/rallyebaretous.fr\/?p=2184#breadcrumb","itemListElement":[{"@type":"ListItem","position":1,"name":"Accueil","item":"https:\/\/rallyebaretous.fr\/"},{"@type":"ListItem","position":2,"name":"Classement G\u00e9n\u00e9ral Final"}]},{"@type":"WebSite","@id":"https:\/\/rallyebaretous.fr\/#website","url":"https:\/\/rallyebaretous.fr\/","name":"Rallye du Bar\u00e9tous","description":"Championnat de France Tout-Terrain","publisher":{"@id":"https:\/\/rallyebaretous.fr\/#organization"},"potentialAction":[{"@type":"SearchAction","target":{"@type":"EntryPoint","urlTemplate":"https:\/\/rallyebaretous.fr\/?s={search_term_string}"},"query-input":{"@type":"PropertyValueSpecification","valueRequired":true,"valueName":"search_term_string"}}],"inLanguage":"fr-FR"},{"@type":"Organization","@id":"https:\/\/rallyebaretous.fr\/#organization","name":"Rallye du Bar\u00e9tous","url":"https:\/\/rallyebaretous.fr\/","logo":{"@type":"ImageObject","inLanguage":"fr-FR","@id":"https:\/\/rallyebaretous.fr\/#\/schema\/logo\/image\/","url":"https:\/\/rallyebaretous.fr\/wp-content\/uploads\/2024\/04\/logo.webp","contentUrl":"https:\/\/rallyebaretous.fr\/wp-content\/uploads\/2024\/04\/logo.webp","width":800,"height":267,"caption":"Rallye du Bar\u00e9tous"},"image":{"@id":"https:\/\/rallyebaretous.fr\/#\/schema\/logo\/image\/"}},{"@type":"Person","@id":"https:\/\/rallyebaretous.fr\/#\/schema\/person\/0e587e5f4c143b5cc87138ff7fccd9bc","name":"Lionel Espelette","image":{"@type":"ImageObject","inLanguage":"fr-FR","@id":"https:\/\/rallyebaretous.fr\/#\/schema\/person\/image\/","url":"https:\/\/secure.gravatar.com\/avatar\/29e15fc697e35ba3ad346b99e46803c0bc2a083f853fde982c4fc53b2e80455b?s=96&d=mm&r=g","contentUrl":"https:\/\/secure.gravatar.com\/avatar\/29e15fc697e35ba3ad346b99e46803c0bc2a083f853fde982c4fc53b2e80455b?s=96&d=mm&r=g","caption":"Lionel Espelette"},"url":"https:\/\/rallyebaretous.fr\/?author=3"}]}},"_links":{"self":[{"href":"https:\/\/rallyebaretous.fr\/index.php?rest_route=\/wp\/v2\/posts\/2184","targetHints":{"allow":["GET"]}}],"collection":[{"href":"https:\/\/rallyebaretous.fr\/index.php?rest_route=\/wp\/v2\/posts"}],"about":[{"href":"https:\/\/rallyebaretous.fr\/index.php?rest_route=\/wp\/v2\/types\/post"}],"author":[{"embeddable":true,"href":"https:\/\/rallyebaretous.fr\/index.php?rest_route=\/wp\/v2\/users\/3"}],"replies":[{"embeddable":true,"href":"https:\/\/rallyebaretous.fr\/index.php?rest_route=%2Fwp%2Fv2%2Fcomments&post=2184"}],"version-history":[{"count":1,"href":"https:\/\/rallyebaretous.fr\/index.php?rest_route=\/wp\/v2\/posts\/2184\/revisions"}],"predecessor-version":[{"id":2186,"href":"https:\/\/rallyebaretous.fr\/index.php?rest_route=\/wp\/v2\/posts\/2184\/revisions\/2186"}],"wp:featuredmedia":[{"embeddable":true,"href":"https:\/\/rallyebaretous.fr\/index.php?rest_route=\/wp\/v2\/media\/2185"}],"wp:attachment":[{"href":"https:\/\/rallyebaretous.fr\/index.php?rest_route=%2Fwp%2Fv2%2Fmedia&parent=2184"}],"wp:term":[{"taxonomy":"category","embeddable":true,"href":"https:\/\/rallyebaretous.fr\/index.php?rest_route=%2Fwp%2Fv2%2Fcategories&post=2184"},{"taxonomy":"post_tag","embeddable":true,"href":"https:\/\/rallyebaretous.fr\/index.php?rest_route=%2Fwp%2Fv2%2Ftags&post=2184"}],"curies":[{"name":"wp","href":"https:\/\/api.w.org\/{rel}","templated":true}]}}